{"id":1729,"date":"2024-07-06T18:26:01","date_gmt":"2024-07-06T17:26:01","guid":{"rendered":"https:\/\/renebote.de\/?p=1729"},"modified":"2025-11-16T19:28:09","modified_gmt":"2025-11-16T18:28:09","slug":"alarm-im-sommerlager-ein-pfadfinder-abenteuer","status":"publish","type":"post","link":"https:\/\/renebote.de\/?p=1729","title":{"rendered":"Alarm im Sommerlager: Ein Pfadfinder-Abenteuer"},"content":{"rendered":"\n<p class=\"justifyText\">\n<a href=\"https:\/\/renebote.de\/?page_id=1722\">\n<img decoding=\"async\" class=\"blogIllustration\" src=\"https:\/\/renebote.de\/wp-content\/uploads\/2024\/07\/Covervorschau-Alarm-im-Sommerlager.webp\">\n<\/a>\nIn einigen Bundesl\u00e4ndern haben bereits die Sommerferien angefangen. Reisezeit, auch die Zeit der Kinder- und Jugendfreizeiten, und f\u00fcr Pfadfinder und Pfadfinderinnen die Zeit der gro\u00dfen Sommerlager. F\u00fcr Estelles Stamm geht es ins M\u00fcnsterland, doch dort erleben die Jungen und M\u00e4dchen bald eine b\u00f6se \u00dcberraschung. Eines Morgens ist nicht nur die Lagerfahne verschwunden, ein Streich, der v\u00f6llig eskaliert zu sein scheint. Estelle hat Grund, das pers\u00f6nlich zu nehmen, und sie wird die T\u00e4ter auf keinen Fall davonkommen lassen. Als sie merkt, dass mehr hinter der Sache steckt, als irgendjemand ahnen konnte, steckt sie bereits tief in der Tinte.<br \/>\n<i>Alarm im Sommerlager<\/i> erscheint am 24. Juli als Taschenbuch und E-Book.\n<\/p>\n","protected":false},"excerpt":{"rendered":"<p>In einigen Bundesl\u00e4ndern haben bereits die Sommerferien angefangen. Reisezeit, auch die Zeit der Kinder- und Jugendfreizeiten, und f\u00fcr Pfadfinder und Pfadfinderinnen die Zeit der gro\u00dfen Sommerlager. F\u00fcr Estelles Stamm geht es ins M\u00fcnsterland, doch dort erleben die Jungen und M\u00e4dchen bald eine b\u00f6se \u00dcberraschung. Eines Morgens ist nicht nur die Lagerfahne verschwunden, ein Streich, der [&hellip;]<\/p>\n","protected":false},"author":1,"featured_media":0,"comment_status":"closed","ping_status":"open","sticky":false,"template":"","format":"standard","meta":{"footnotes":""},"categories":[6],"tags":[],"class_list":["post-1729","post","type-post","status-publish","format-standard","hentry","category-archiv-2024"],"_links":{"self":[{"href":"https:\/\/renebote.de\/index.php?rest_route=\/wp\/v2\/posts\/1729","targetHints":{"allow":["GET"]}}],"collection":[{"href":"https:\/\/renebote.de\/index.php?rest_route=\/wp\/v2\/posts"}],"about":[{"href":"https:\/\/renebote.de\/index.php?rest_route=\/wp\/v2\/types\/post"}],"author":[{"embeddable":true,"href":"https:\/\/renebote.de\/index.php?rest_route=\/wp\/v2\/users\/1"}],"replies":[{"embeddable":true,"href":"https:\/\/renebote.de\/index.php?rest_route=%2Fwp%2Fv2%2Fcomments&post=1729"}],"version-history":[{"count":1,"href":"https:\/\/renebote.de\/index.php?rest_route=\/wp\/v2\/posts\/1729\/revisions"}],"predecessor-version":[{"id":1730,"href":"https:\/\/renebote.de\/index.php?rest_route=\/wp\/v2\/posts\/1729\/revisions\/1730"}],"wp:attachment":[{"href":"https:\/\/renebote.de\/index.php?rest_route=%2Fwp%2Fv2%2Fmedia&parent=1729"}],"wp:term":[{"taxonomy":"category","embeddable":true,"href":"https:\/\/renebote.de\/index.php?rest_route=%2Fwp%2Fv2%2Fcategories&post=1729"},{"taxonomy":"post_tag","embeddable":true,"href":"https:\/\/renebote.de\/index.php?rest_route=%2Fwp%2Fv2%2Ftags&post=1729"}],"curies":[{"name":"wp","href":"https:\/\/api.w.org\/{rel}","templated":true}]}}