{"id":1524,"date":"2020-08-27T14:20:00","date_gmt":"2020-08-27T13:20:00","guid":{"rendered":"https:\/\/renebote.de\/?p=1524"},"modified":"2024-05-23T14:21:17","modified_gmt":"2024-05-23T13:21:17","slug":"ein-stueck-mittelalter-romantik","status":"publish","type":"post","link":"https:\/\/renebote.de\/?p=1524","title":{"rendered":"Ein St\u00fcck Mittelalter-Romantik"},"content":{"rendered":"\n<p class=\"justifyText\">\n<a href=\"https:\/\/renebote.de\/?page_id=856\">\n<img decoding=\"async\" class=\"blogIllustration\" src=\"https:\/\/renebote.de\/wp-content\/uploads\/2024\/04\/Covervorschau-Johanna-und-der-Gefangene-des-kleinen-Koenigs.webp\">\n<\/a>\n<i>Johanna und der Gefangene des kleinen K\u00f6nigs<\/i> ist eine kleine romantische Geschichte, die im Mittelalter angesiedelt ist. Sie entstand aus ein paar vagen Versatzst\u00fccken, weil ich einfach Lust hatte, etwas Fantasy oder Mittelalterliches zu schreiben. Am Ende wurde daraus ein romantisches Abenteuer um zwei Kinder, deren Wege sich zuf\u00e4llig und unter nicht sehr erfreulichen Umst\u00e4nden kreuzen. Obwohl sie aus v\u00f6llig verschiedenen Welten kommen, haben sie mehr gemeinsam, als sie am Anfang f\u00fcr m\u00f6glich halten.<br \/><br \/>\nDie Geschichte erscheint am 2. September als E-Book.\n<\/p>\n","protected":false},"excerpt":{"rendered":"<p>Johanna und der Gefangene des kleinen K\u00f6nigs ist eine kleine romantische Geschichte, die im Mittelalter angesiedelt ist. Sie entstand aus ein paar vagen Versatzst\u00fccken, weil ich einfach Lust hatte, etwas Fantasy oder Mittelalterliches zu schreiben. Am Ende wurde daraus ein romantisches Abenteuer um zwei Kinder, deren Wege sich zuf\u00e4llig und unter nicht sehr erfreulichen Umst\u00e4nden [&hellip;]<\/p>\n","protected":false},"author":1,"featured_media":0,"comment_status":"closed","ping_status":"open","sticky":false,"template":"","format":"standard","meta":{"footnotes":""},"categories":[10],"tags":[],"class_list":["post-1524","post","type-post","status-publish","format-standard","hentry","category-archiv-2020"],"_links":{"self":[{"href":"https:\/\/renebote.de\/index.php?rest_route=\/wp\/v2\/posts\/1524","targetHints":{"allow":["GET"]}}],"collection":[{"href":"https:\/\/renebote.de\/index.php?rest_route=\/wp\/v2\/posts"}],"about":[{"href":"https:\/\/renebote.de\/index.php?rest_route=\/wp\/v2\/types\/post"}],"author":[{"embeddable":true,"href":"https:\/\/renebote.de\/index.php?rest_route=\/wp\/v2\/users\/1"}],"replies":[{"embeddable":true,"href":"https:\/\/renebote.de\/index.php?rest_route=%2Fwp%2Fv2%2Fcomments&post=1524"}],"version-history":[{"count":1,"href":"https:\/\/renebote.de\/index.php?rest_route=\/wp\/v2\/posts\/1524\/revisions"}],"predecessor-version":[{"id":1525,"href":"https:\/\/renebote.de\/index.php?rest_route=\/wp\/v2\/posts\/1524\/revisions\/1525"}],"wp:attachment":[{"href":"https:\/\/renebote.de\/index.php?rest_route=%2Fwp%2Fv2%2Fmedia&parent=1524"}],"wp:term":[{"taxonomy":"category","embeddable":true,"href":"https:\/\/renebote.de\/index.php?rest_route=%2Fwp%2Fv2%2Fcategories&post=1524"},{"taxonomy":"post_tag","embeddable":true,"href":"https:\/\/renebote.de\/index.php?rest_route=%2Fwp%2Fv2%2Ftags&post=1524"}],"curies":[{"name":"wp","href":"https:\/\/api.w.org\/{rel}","templated":true}]}}