{"id":1516,"date":"2020-12-07T19:22:00","date_gmt":"2020-12-07T18:22:00","guid":{"rendered":"https:\/\/renebote.de\/?p=1516"},"modified":"2024-05-22T19:27:06","modified_gmt":"2024-05-22T18:27:06","slug":"obocht-emma-neue-suedtirol-reihe","status":"publish","type":"post","link":"https:\/\/renebote.de\/?p=1516","title":{"rendered":"Obocht, Emma! &#8211; Neue S\u00fcdtirol-Reihe"},"content":{"rendered":"\n<p class=\"justifyText\">\n<a href=\"https:\/\/renebote.de\/?page_id=1123\">\n<img decoding=\"async\" class=\"blogIllustration\" src=\"https:\/\/renebote.de\/wp-content\/uploads\/2024\/03\/Serienlogo-Obocht-Emma.webp\">\n<\/a>\nAus <i>Aufgepasst!<\/i> wird <i>Obocht!<\/i>: Die elfj\u00e4hrige Emma verschl\u00e4gt es aus dem Ruhrgebiet nach S\u00fcdtirol. Dort, in einem kleinen Bergdorf, kann ihr Vater sich seinen Traum erf\u00fcllen und eine Hutmacher-Werkstatt \u00fcbernehmen. Doch Emma vermisst nat\u00fcrlich die Freundinnen, die sie zur\u00fccklassen musste, und es gibt so vieles, was einfach anders ist. Die Umstellung ist alles andere als leicht, doch zum Gl\u00fcck findet sie schnell Freunde, die ihr helfen, in St. Vinzent heimisch zu werden.<br \/><br \/>\nDie ersten beiden B\u00e4nde der Serie erscheinen gemeinsam am 18. Dezember: <a href=\"\/?page_868\">Der Retter im Regen<\/a> und <a href=\"\/?page_id=871\">Die Bauchgrimmen-Alm<\/a>.\n<\/p>\n","protected":false},"excerpt":{"rendered":"<p>Aus Aufgepasst! wird Obocht!: Die elfj\u00e4hrige Emma verschl\u00e4gt es aus dem Ruhrgebiet nach S\u00fcdtirol. Dort, in einem kleinen Bergdorf, kann ihr Vater sich seinen Traum erf\u00fcllen und eine Hutmacher-Werkstatt \u00fcbernehmen. Doch Emma vermisst nat\u00fcrlich die Freundinnen, die sie zur\u00fccklassen musste, und es gibt so vieles, was einfach anders ist. Die Umstellung ist alles andere als [&hellip;]<\/p>\n","protected":false},"author":1,"featured_media":0,"comment_status":"closed","ping_status":"open","sticky":false,"template":"","format":"standard","meta":{"footnotes":""},"categories":[10],"tags":[],"class_list":["post-1516","post","type-post","status-publish","format-standard","hentry","category-archiv-2020"],"_links":{"self":[{"href":"https:\/\/renebote.de\/index.php?rest_route=\/wp\/v2\/posts\/1516","targetHints":{"allow":["GET"]}}],"collection":[{"href":"https:\/\/renebote.de\/index.php?rest_route=\/wp\/v2\/posts"}],"about":[{"href":"https:\/\/renebote.de\/index.php?rest_route=\/wp\/v2\/types\/post"}],"author":[{"embeddable":true,"href":"https:\/\/renebote.de\/index.php?rest_route=\/wp\/v2\/users\/1"}],"replies":[{"embeddable":true,"href":"https:\/\/renebote.de\/index.php?rest_route=%2Fwp%2Fv2%2Fcomments&post=1516"}],"version-history":[{"count":1,"href":"https:\/\/renebote.de\/index.php?rest_route=\/wp\/v2\/posts\/1516\/revisions"}],"predecessor-version":[{"id":1517,"href":"https:\/\/renebote.de\/index.php?rest_route=\/wp\/v2\/posts\/1516\/revisions\/1517"}],"wp:attachment":[{"href":"https:\/\/renebote.de\/index.php?rest_route=%2Fwp%2Fv2%2Fmedia&parent=1516"}],"wp:term":[{"taxonomy":"category","embeddable":true,"href":"https:\/\/renebote.de\/index.php?rest_route=%2Fwp%2Fv2%2Fcategories&post=1516"},{"taxonomy":"post_tag","embeddable":true,"href":"https:\/\/renebote.de\/index.php?rest_route=%2Fwp%2Fv2%2Ftags&post=1516"}],"curies":[{"name":"wp","href":"https:\/\/api.w.org\/{rel}","templated":true}]}}