{"id":1514,"date":"2020-12-14T19:07:00","date_gmt":"2020-12-14T18:07:00","guid":{"rendered":"https:\/\/renebote.de\/?p=1514"},"modified":"2024-05-22T19:12:01","modified_gmt":"2024-05-22T18:12:01","slug":"weihnachtswichteln-eine-echte-herausforderung","status":"publish","type":"post","link":"https:\/\/renebote.de\/?p=1514","title":{"rendered":"Weihnachtswichteln &#8211; eine echte Herausforderung"},"content":{"rendered":"\n<p class=\"justifyText\">\n<a href=\"https:\/\/renebote.de\/?page_id=244\">\n<img decoding=\"async\" class=\"blogIllustration\" src=\"https:\/\/renebote.de\/wp-content\/uploads\/2024\/02\/Covervorschau-Wichteltausch.webp\">\n<\/a>\nIn\u00adzwi\u00adschen hat es ja fast schon Tradi\u00adtion, dass ich im Advent die Kurz\u00adgeschichte f\u00fcr die letzt\u00adj\u00e4hrigen Advents\u00adkalender in ver\u00adschie\u00addenen B\u00fccher\u00adforen hier auf der Seite und bei Sweek ver\u00ad\u00f6ffent\u00adliche. Hiermit getan! 2019 habe ich von der F\u00fcnft\u00adkl\u00e4sslerin Anne erz\u00e4hlt, die hinter dem R\u00fccken der Klassen\u00adlehrerin das Wichtel\u00adlos mit ihrer besten Freundin tauscht, weil sie deren Ge\u00adjammer nicht mehr h\u00f6ren kann. Eine Idee f\u00fcr diesen speziel\u00adlen Kandi\u00addaten hat sie zwar auch nicht, aber es gibt ja Leute, die man fragen kann.<br \/><br \/>\nAuch heuer gibt es wieder eine Ge\u00adschichte von mir in den Advents\u00adkalendern bei der <a href=\"https:\/\/www.buechereule.de\/wbb\/thread\/104868-der-buechereulen-adventskalender-2020\/\">B\u00fcchereule<\/a> und im <a href=\"https:\/\/www.buechertreff.de\/forum\/thread\/113482-adventskalender-2020\/?pageNo=1\">B\u00fcchertreff<\/a>*. Sie erscheint am 22.12. Da im B\u00fccher\u00adtreff in diesem Jahr nicht gen\u00fcgend Mit\u00adschreiber da waren, die etwas bei\u00adtragen wollten, haben mehrere freund\u00adliche Wichtel zwei T\u00fcrchen bef\u00fcllt, auch ich habe nach\u00adtr\u00e4g\u00adlich noch eine zweite Ge\u00adschichte geschrieben, die am kommenden Donners\u00adtag (17.12.) zu lesen ist.<br \/><br \/>\n*Hier stehen Umfrage, wer mitmachen will, Beitr\u00e4ge und Kommen\u00adtare in einem Thread, das erste T\u00fcrchen wird ziemlich weit unten auf der zweiten Seite ge\u00f6ffnet.\n<\/p>\n","protected":false},"excerpt":{"rendered":"<p>In\u00adzwi\u00adschen hat es ja fast schon Tradi\u00adtion, dass ich im Advent die Kurz\u00adgeschichte f\u00fcr die letzt\u00adj\u00e4hrigen Advents\u00adkalender in ver\u00adschie\u00addenen B\u00fccher\u00adforen hier auf der Seite und bei Sweek ver\u00ad\u00f6ffent\u00adliche. Hiermit getan! 2019 habe ich von der F\u00fcnft\u00adkl\u00e4sslerin Anne erz\u00e4hlt, die hinter dem R\u00fccken der Klassen\u00adlehrerin das Wichtel\u00adlos mit ihrer besten Freundin tauscht, weil sie deren Ge\u00adjammer [&hellip;]<\/p>\n","protected":false},"author":1,"featured_media":0,"comment_status":"closed","ping_status":"open","sticky":false,"template":"","format":"standard","meta":{"footnotes":""},"categories":[10],"tags":[],"class_list":["post-1514","post","type-post","status-publish","format-standard","hentry","category-archiv-2020"],"_links":{"self":[{"href":"https:\/\/renebote.de\/index.php?rest_route=\/wp\/v2\/posts\/1514","targetHints":{"allow":["GET"]}}],"collection":[{"href":"https:\/\/renebote.de\/index.php?rest_route=\/wp\/v2\/posts"}],"about":[{"href":"https:\/\/renebote.de\/index.php?rest_route=\/wp\/v2\/types\/post"}],"author":[{"embeddable":true,"href":"https:\/\/renebote.de\/index.php?rest_route=\/wp\/v2\/users\/1"}],"replies":[{"embeddable":true,"href":"https:\/\/renebote.de\/index.php?rest_route=%2Fwp%2Fv2%2Fcomments&post=1514"}],"version-history":[{"count":1,"href":"https:\/\/renebote.de\/index.php?rest_route=\/wp\/v2\/posts\/1514\/revisions"}],"predecessor-version":[{"id":1515,"href":"https:\/\/renebote.de\/index.php?rest_route=\/wp\/v2\/posts\/1514\/revisions\/1515"}],"wp:attachment":[{"href":"https:\/\/renebote.de\/index.php?rest_route=%2Fwp%2Fv2%2Fmedia&parent=1514"}],"wp:term":[{"taxonomy":"category","embeddable":true,"href":"https:\/\/renebote.de\/index.php?rest_route=%2Fwp%2Fv2%2Fcategories&post=1514"},{"taxonomy":"post_tag","embeddable":true,"href":"https:\/\/renebote.de\/index.php?rest_route=%2Fwp%2Fv2%2Ftags&post=1514"}],"curies":[{"name":"wp","href":"https:\/\/api.w.org\/{rel}","templated":true}]}}